{"id":29320,"date":"2021-05-09T02:08:38","date_gmt":"2021-05-09T00:08:38","guid":{"rendered":"https:\/\/gilrobles.eu\/?p=29320"},"modified":"2023-05-03T17:40:10","modified_gmt":"2023-05-03T15:40:10","slug":"aides-covid-19-quelques-problemes-juridiques-inattendus","status":"publish","type":"post","link":"https:\/\/gilrobles.eu\/en\/aides-covid-19-quelques-problemes-juridiques-inattendus\/","title":{"rendered":"Aides COVID-19 : quelques probl\u00e8mes juridiques inattendus"},"content":{"rendered":"<p>Avec plus d\u2019un an de recul depuis leur mise en place, on s\u2019aper\u00e7oit aujourd\u2019hui que la multiplication des r\u00e9gimes d\u2019aides li\u00e9es \u00e0 la pand\u00e9mie de COVID-19 cr\u00e9e diff\u00e9rents probl\u00e8mes juridiques tout \u00e0 fait inattendus. Nous en livrons ici un bref aper\u00e7u qui est ni exhaustif ni d\u00e9finitif.<\/p>\n\n\n\n<p><strong>L\u2019obligation de remboursement des primes dans certains cas&nbsp;: un potentiel fardeau en cas de faillite<\/strong><\/p>\n\n\n\n<p>De nombreux r\u00e9gimes d\u2019octroi d\u2019aides reprennent dans leurs conditions l\u2019obligation de remboursement de l\u2019aide en cas de cession du fonds de commerce, liquidation ou faillite de l\u2019entreprise b\u00e9n\u00e9ficiaire. Ainsi, l\u2019aide octroy\u00e9e est loin d\u2019\u00eatre d\u00e9finitivement acquise.<\/p>\n\n\n\n<p>Bien que le contexte soit particulier, toute entreprise reste tenue de faire aveu de faillite dans le mois de la cessation des paiements. Il ne faut toutefois pas se leurrer&nbsp;: avec les diff\u00e9rentes aides octroy\u00e9es et les moratoires officiel ou tacite sur les faillites, nombre d\u2019entreprises sont aujourd\u2019hui en \u00e9tat virtuel de faillite et auraient d\u00e9j\u00e0 d\u00fb faire aveu de faillite pour se conformer au prescrit l\u00e9gal.<\/p>\n\n\n\n<p>D\u00e8s lors qu\u2019en cas de faillite, la prime vers\u00e9e sera r\u00e9clam\u00e9e par le pouvoir subsidiant par le biais d\u2019une d\u00e9claration de cr\u00e9ance adress\u00e9e au curateur et que celui-ci devra en tenir compte, le montant de cette prime fera partie du passif qui sera r\u00e9clam\u00e9 par le curateur au dirigeant de la soci\u00e9t\u00e9, soit obligatoirement \u2013 songeons ici aux soci\u00e9t\u00e9s \u00e0 responsabilit\u00e9 non limit\u00e9e \u2013 ou selon les circonstances \u2013 lorsque la responsabilit\u00e9 personnelle du dirigeant semble devoir \u00eatre engag\u00e9e.<\/p>\n\n\n\n<p>Par cons\u00e9quent, accepter une prime n\u2019est pas un acte anodin, surtout s\u2019il s\u2019av\u00e8re que l\u2019entreprise n\u2019a pas perspectives cr\u00e9dibles de continuit\u00e9.<\/p>\n\n\n\n<p><strong>Quand celui qui per\u00e7oit la prime n\u2019est pas celui qui supporte les co\u00fbts de la crise&nbsp;: probl\u00e8mes d\u2019ex\u00e9cution contractuelle en vue<\/strong><\/p>\n\n\n\n<p>Les r\u00e9gimes d\u2019aides ont tous \u00e9t\u00e9 adopt\u00e9s dans l\u2019urgence. Les montants forfaitaires des aides, leur mode de calcul lorsqu\u2019elles varient et, parfois, l\u2019identit\u00e9 m\u00eame des b\u00e9n\u00e9ficiaires semblent relever de d\u00e9cisions prises sans avoir pris la mesure de certains \u00e9cueils.<\/p>\n\n\n\n<p>Un exemple frappant est le r\u00e9gime de primes mis en place par l\u2019INAMI pour les dispensateurs de soins de sant\u00e9. Justifi\u00e9 en raison de l\u2019explosion manifeste des prix d\u2019\u00e9quipement et consommables m\u00e9dicaux depuis le d\u00e9but de la pand\u00e9mie de COVID-19, ce r\u00e9gime reste toutefois surprenant puisque, pour nombre de professions exerc\u00e9es hors r\u00e9seau hospitaliser, la prime peut \u00eatre r\u00e9clam\u00e9e par un dispensateur de soin exer\u00e7ant dans une structure priv\u00e9e alors m\u00eame que c\u2019est la structure et non le dispensateur qui a support\u00e9 les co\u00fbts d\u2019achat d\u2019\u00e9quipement et consommables m\u00e9dicaux.<\/p>\n\n\n\n<p>Bien souvent, les contrats liant les dispensateurs de soins aux structures priv\u00e9es ne couvrent pas l\u2019hypoth\u00e8se de primes venant s\u2019ajouter aux honoraires g\u00e9n\u00e9r\u00e9s par les dispensateurs et usuellement partag\u00e9s entre la structure et le dispensateur.<\/p>\n\n\n\n<p>Une telle situation a d\u00e9j\u00e0 engendr\u00e9 des probl\u00e8mes d\u2019ex\u00e9cution contractuelle, les structures soutenant \u2013 \u00e0 juste titre selon nous \u2013 que la prime doit en r\u00e9alit\u00e9 revenir \u00e0 celui qui a support\u00e9 les co\u00fbts. La question de l\u2019ex\u00e9cution de bonne foi des contrats revient ainsi \u00e0 l\u2019avant-plan et ouvre la voie \u00e0 des d\u00e9cisions judiciaires int\u00e9ressantes quant \u00e0 la fa\u00e7on de placer le curseur dans cette crise lorsque les parties \u00e0 un contrat se disputent le b\u00e9n\u00e9fice d\u2019une aide publique.<\/p>\n\n\n\n<p><strong>Quand accepter une prime devient une source de reproches aux cons\u00e9quences juridiques potentiellement d\u00e9sastreuses<\/strong><\/p>\n\n\n\n<p>La jurisprudence est pour l\u2019instant tr\u00e8s divis\u00e9e sur la question des droits et obligations du bailleur et du locataire lorsque ce dernier se voit interdire d\u2019exercer son activit\u00e9 ou est dans l\u2019impossibilit\u00e9 pratique de le faire, tel qu\u2019un restaurant choisissant de ne pas offrir de plats \u00e0 emporter \u00e0 ses clients.<\/p>\n\n\n\n<p>Toutefois, on peut observer pour l\u2019instant que certaines d\u00e9cisions tirent argument de l\u2019octroi d\u2019aides li\u00e9es \u00e0 la pand\u00e9mie pour reprocher au locataire d\u2019utiliser ces aides \u00e0 d\u2019autres fins que le paiement des loyers.<\/p>\n\n\n\n<p>En cas de discussion ou litige, si vous \u00eates locataire, expliquez bien au bailleur la finalit\u00e9 des aides re\u00e7ues. Si vous \u00eates bailleur, demandez \u00e0 votre locataire quelles aides ont \u00e9t\u00e9 per\u00e7ues&nbsp;: toutes ne sont pas destin\u00e9es \u00e0 couvrir les frais de fonctionnement de la personne morale. Ainsi, la perception du droit passerelle par le dirigeant de l\u2019entreprise est, selon nous, aucunement destin\u00e9e \u00e0 couvrir des frais de la personne morale mais bien \u00e0 assurer des moyens de subsistance au dirigeant d\u2019une entreprise \u00e0 l\u2019arr\u00eat.<\/p>\n\n\n\n<p><strong>Pouvoirs subsidiants&nbsp;: assurez-vous de la conformit\u00e9 du r\u00e9gime avec le cadre europ\u00e9en de contr\u00f4le des aides d\u2019Etat<\/strong><\/p>\n\n\n\n<p>Enfin, les pouvoirs subsidiants qui mettent en place des aides doivent toujours avoir le r\u00e9flexe de v\u00e9rifier la conformit\u00e9 du r\u00e9gime envisag\u00e9 avec le cadre europ\u00e9en de contr\u00f4le des aides d\u2019Etat. Si celui-ci fait pour l\u2019instant l\u2019objet d\u2019assouplissements inattendus, les aides constituent une distorsion de la concurrence qui, si elle peut amplement \u00eatre justifi\u00e9e au regard du cadre juridique europ\u00e9en, doit n\u00e9anmoins \u00eatre examin\u00e9e attentivement afin que le r\u00e9gime ne soit pas ult\u00e9rieurement remis en cause, avec les cons\u00e9quences financi\u00e8res n\u00e9fastes d\u2019une r\u00e9cup\u00e9ration d\u2019une aide d\u2019Etat.<\/p>\n\n\n\n<p>Ces quelques exemples tir\u00e9s de la pratique montrent que la crise engendr\u00e9e par la pand\u00e9mie de COVID-19 pose de nouvelles questions juridiques. Aux entreprises et pouvoirs subsidiants de bien s\u2019\u00e9quiper et de se faire accompagner pour aborder ad\u00e9quatement les enjeux juridiques suscit\u00e9s par les r\u00e9gimes d\u2019aides adopt\u00e9s ou envisag\u00e9s.<\/p>","protected":false},"excerpt":{"rendered":"<p>Avec plus d\u2019un an de recul depuis leur mise en place, on s\u2019aper\u00e7oit aujourd\u2019hui que la multiplication des r\u00e9gimes d\u2019aides li\u00e9es \u00e0 la pand\u00e9mie de COVID-19 cr\u00e9e diff\u00e9rents probl\u00e8mes juridiques tout \u00e0 fait inattendus. Nous en livrons ici un bref aper\u00e7u qui est ni exhaustif ni d\u00e9finitif. L\u2019obligation de remboursement des primes dans certains cas&nbsp;: [&hellip;]<\/p>\n","protected":false},"author":3,"featured_media":29321,"comment_status":"closed","ping_status":"closed","sticky":false,"template":"","format":"standard","meta":{"footnotes":""},"categories":[94,149,150,148,115],"tags":[138,157,153,154,142,151,155,152,158,156],"class_list":["post-29320","post","type-post","status-publish","format-standard","has-post-thumbnail","hentry","category-competition-law","category-contract","category-covid-19","category-insolvency","category-regulatory","tag-aide-detat","tag-aides","tag-bonne-foi","tag-contrat","tag-covid-19","tag-faillite","tag-inami","tag-insolvabilite","tag-location","tag-primes"],"yoast_head":"<!-- This site is optimized with the Yoast SEO plugin v27.3 - https:\/\/yoast.com\/product\/yoast-seo-wordpress\/ -->\n<title>Aides COVID-19 : quelques probl\u00e8mes juridiques inattendus &#8902; Cabinet d\u2019avocats Gil Robles - San Bartolome &amp; Associ\u00e9s<\/title>\n<meta name=\"robots\" content=\"index, follow, max-snippet:-1, max-image-preview:large, max-video-preview:-1\" \/>\n<link rel=\"canonical\" href=\"https:\/\/gilrobles.eu\/en\/aides-covid-19-quelques-problemes-juridiques-inattendus\/\" \/>\n<meta property=\"og:locale\" content=\"en_GB\" \/>\n<meta property=\"og:type\" content=\"article\" \/>\n<meta property=\"og:title\" content=\"Aides COVID-19 : quelques probl\u00e8mes juridiques inattendus &#8902; Cabinet d\u2019avocats Gil Robles - San Bartolome &amp; Associ\u00e9s\" \/>\n<meta property=\"og:description\" content=\"Avec plus d\u2019un an de recul depuis leur mise en place, on s\u2019aper\u00e7oit aujourd\u2019hui que la multiplication des r\u00e9gimes d\u2019aides li\u00e9es \u00e0 la pand\u00e9mie de COVID-19 cr\u00e9e diff\u00e9rents probl\u00e8mes juridiques tout \u00e0 fait inattendus. Nous en livrons ici un bref aper\u00e7u qui est ni exhaustif ni d\u00e9finitif. L\u2019obligation de remboursement des primes dans certains cas&nbsp;: [&hellip;]\" \/>\n<meta property=\"og:url\" content=\"https:\/\/gilrobles.eu\/en\/aides-covid-19-quelques-problemes-juridiques-inattendus\/\" \/>\n<meta property=\"og:site_name\" content=\"Cabinet d\u2019avocats Gil Robles - San Bartolome &amp; Associ\u00e9s\" \/>\n<meta property=\"article:published_time\" content=\"2021-05-09T00:08:38+00:00\" \/>\n<meta property=\"article:modified_time\" content=\"2023-05-03T15:40:10+00:00\" \/>\n<meta property=\"og:image\" content=\"https:\/\/gilrobles.eu\/wp-content\/uploads\/2021\/05\/cash-register-78741_960_720.jpg\" \/>\n\t<meta property=\"og:image:width\" content=\"960\" \/>\n\t<meta property=\"og:image:height\" content=\"640\" \/>\n\t<meta property=\"og:image:type\" content=\"image\/jpeg\" \/>\n<meta name=\"author\" content=\"Anthony Bochon\" \/>\n<meta name=\"twitter:card\" content=\"summary_large_image\" \/>\n<meta name=\"twitter:label1\" content=\"Written by\" \/>\n\t<meta name=\"twitter:data1\" content=\"Anthony Bochon\" \/>\n\t<meta name=\"twitter:label2\" content=\"Estimated reading time\" \/>\n\t<meta name=\"twitter:data2\" content=\"5 minutes\" \/>\n<script type=\"application\/ld+json\" class=\"yoast-schema-graph\">{\"@context\":\"https:\\\/\\\/schema.org\",\"@graph\":[{\"@type\":\"Article\",\"@id\":\"https:\\\/\\\/gilrobles.eu\\\/aides-covid-19-quelques-problemes-juridiques-inattendus\\\/#article\",\"isPartOf\":{\"@id\":\"https:\\\/\\\/gilrobles.eu\\\/aides-covid-19-quelques-problemes-juridiques-inattendus\\\/\"},\"author\":{\"name\":\"Anthony Bochon\",\"@id\":\"https:\\\/\\\/gilrobles.eu\\\/#\\\/schema\\\/person\\\/cca458b49a88570c8264c3b80276e1c1\"},\"headline\":\"Aides COVID-19 : quelques probl\u00e8mes juridiques inattendus\",\"datePublished\":\"2021-05-09T00:08:38+00:00\",\"dateModified\":\"2023-05-03T15:40:10+00:00\",\"mainEntityOfPage\":{\"@id\":\"https:\\\/\\\/gilrobles.eu\\\/aides-covid-19-quelques-problemes-juridiques-inattendus\\\/\"},\"wordCount\":1028,\"publisher\":{\"@id\":\"https:\\\/\\\/gilrobles.eu\\\/#organization\"},\"image\":{\"@id\":\"https:\\\/\\\/gilrobles.eu\\\/aides-covid-19-quelques-problemes-juridiques-inattendus\\\/#primaryimage\"},\"thumbnailUrl\":\"https:\\\/\\\/gilrobles.eu\\\/wp-content\\\/uploads\\\/2021\\\/05\\\/cash-register-78741_960_720.jpg\",\"keywords\":[\"aide d&#039;Etat\",\"aides\",\"bonne foi\",\"contrat\",\"COVID-19\",\"faillite\",\"INAMI\",\"insolvabilit\u00e9\",\"location\",\"primes\"],\"articleSection\":[\"Competition Law\",\"Contract\",\"COVID-19\",\"Insolvency\",\"Regulatory\"],\"inLanguage\":\"en-GB\"},{\"@type\":\"WebPage\",\"@id\":\"https:\\\/\\\/gilrobles.eu\\\/aides-covid-19-quelques-problemes-juridiques-inattendus\\\/\",\"url\":\"https:\\\/\\\/gilrobles.eu\\\/aides-covid-19-quelques-problemes-juridiques-inattendus\\\/\",\"name\":\"Aides COVID-19 : quelques probl\u00e8mes juridiques inattendus &#8902; Cabinet d\u2019avocats Gil Robles - San Bartolome &amp; Associ\u00e9s\",\"isPartOf\":{\"@id\":\"https:\\\/\\\/gilrobles.eu\\\/#website\"},\"primaryImageOfPage\":{\"@id\":\"https:\\\/\\\/gilrobles.eu\\\/aides-covid-19-quelques-problemes-juridiques-inattendus\\\/#primaryimage\"},\"image\":{\"@id\":\"https:\\\/\\\/gilrobles.eu\\\/aides-covid-19-quelques-problemes-juridiques-inattendus\\\/#primaryimage\"},\"thumbnailUrl\":\"https:\\\/\\\/gilrobles.eu\\\/wp-content\\\/uploads\\\/2021\\\/05\\\/cash-register-78741_960_720.jpg\",\"datePublished\":\"2021-05-09T00:08:38+00:00\",\"dateModified\":\"2023-05-03T15:40:10+00:00\",\"breadcrumb\":{\"@id\":\"https:\\\/\\\/gilrobles.eu\\\/aides-covid-19-quelques-problemes-juridiques-inattendus\\\/#breadcrumb\"},\"inLanguage\":\"en-GB\",\"potentialAction\":[{\"@type\":\"ReadAction\",\"target\":[\"https:\\\/\\\/gilrobles.eu\\\/aides-covid-19-quelques-problemes-juridiques-inattendus\\\/\"]}]},{\"@type\":\"ImageObject\",\"inLanguage\":\"en-GB\",\"@id\":\"https:\\\/\\\/gilrobles.eu\\\/aides-covid-19-quelques-problemes-juridiques-inattendus\\\/#primaryimage\",\"url\":\"https:\\\/\\\/gilrobles.eu\\\/wp-content\\\/uploads\\\/2021\\\/05\\\/cash-register-78741_960_720.jpg\",\"contentUrl\":\"https:\\\/\\\/gilrobles.eu\\\/wp-content\\\/uploads\\\/2021\\\/05\\\/cash-register-78741_960_720.jpg\",\"width\":960,\"height\":640},{\"@type\":\"BreadcrumbList\",\"@id\":\"https:\\\/\\\/gilrobles.eu\\\/aides-covid-19-quelques-problemes-juridiques-inattendus\\\/#breadcrumb\",\"itemListElement\":[{\"@type\":\"ListItem\",\"position\":1,\"name\":\"Accueil\",\"item\":\"https:\\\/\\\/gilrobles.eu\\\/\"},{\"@type\":\"ListItem\",\"position\":2,\"name\":\"Aides COVID-19 : quelques probl\u00e8mes juridiques inattendus\"}]},{\"@type\":\"WebSite\",\"@id\":\"https:\\\/\\\/gilrobles.eu\\\/#website\",\"url\":\"https:\\\/\\\/gilrobles.eu\\\/\",\"name\":\"Cabinet d\u2019avocats Gil Robles - San Bartolome &amp; Associ\u00e9s\",\"description\":\"\",\"publisher\":{\"@id\":\"https:\\\/\\\/gilrobles.eu\\\/#organization\"},\"potentialAction\":[{\"@type\":\"SearchAction\",\"target\":{\"@type\":\"EntryPoint\",\"urlTemplate\":\"https:\\\/\\\/gilrobles.eu\\\/?s={search_term_string}\"},\"query-input\":{\"@type\":\"PropertyValueSpecification\",\"valueRequired\":true,\"valueName\":\"search_term_string\"}}],\"inLanguage\":\"en-GB\"},{\"@type\":\"Organization\",\"@id\":\"https:\\\/\\\/gilrobles.eu\\\/#organization\",\"name\":\"Cabinet d\u2019Avocats Gil Robles, San Bartolome et Associ\u00e9s\",\"url\":\"https:\\\/\\\/gilrobles.eu\\\/\",\"logo\":{\"@type\":\"ImageObject\",\"inLanguage\":\"en-GB\",\"@id\":\"https:\\\/\\\/gilrobles.eu\\\/#\\\/schema\\\/logo\\\/image\\\/\",\"url\":\"https:\\\/\\\/gilrobles.eu\\\/wp-content\\\/uploads\\\/2020\\\/12\\\/GS_Logo-e1609672272444.png\",\"contentUrl\":\"https:\\\/\\\/gilrobles.eu\\\/wp-content\\\/uploads\\\/2020\\\/12\\\/GS_Logo-e1609672272444.png\",\"width\":430,\"height\":434,\"caption\":\"Cabinet d\u2019Avocats Gil Robles, San Bartolome et Associ\u00e9s\"},\"image\":{\"@id\":\"https:\\\/\\\/gilrobles.eu\\\/#\\\/schema\\\/logo\\\/image\\\/\"}},{\"@type\":\"Person\",\"@id\":\"https:\\\/\\\/gilrobles.eu\\\/#\\\/schema\\\/person\\\/cca458b49a88570c8264c3b80276e1c1\",\"name\":\"Anthony Bochon\",\"image\":{\"@type\":\"ImageObject\",\"inLanguage\":\"en-GB\",\"@id\":\"https:\\\/\\\/gilrobles.eu\\\/wp-content\\\/uploads\\\/2018\\\/06\\\/LHiMC_4g-150x150.jpeg\",\"url\":\"https:\\\/\\\/gilrobles.eu\\\/wp-content\\\/uploads\\\/2018\\\/06\\\/LHiMC_4g-150x150.jpeg\",\"contentUrl\":\"https:\\\/\\\/gilrobles.eu\\\/wp-content\\\/uploads\\\/2018\\\/06\\\/LHiMC_4g-150x150.jpeg\",\"caption\":\"Anthony Bochon\"},\"url\":\"https:\\\/\\\/gilrobles.eu\\\/en\\\/author\\\/anthony-bochon\\\/\"}]}<\/script>\n<!-- \/ Yoast SEO plugin. -->","yoast_head_json":{"title":"Aides COVID-19 : quelques probl\u00e8mes juridiques inattendus &#8902; Cabinet d\u2019avocats Gil Robles - San Bartolome &amp; Associ\u00e9s","robots":{"index":"index","follow":"follow","max-snippet":"max-snippet:-1","max-image-preview":"max-image-preview:large","max-video-preview":"max-video-preview:-1"},"canonical":"https:\/\/gilrobles.eu\/en\/aides-covid-19-quelques-problemes-juridiques-inattendus\/","og_locale":"en_GB","og_type":"article","og_title":"Aides COVID-19 : quelques probl\u00e8mes juridiques inattendus &#8902; Cabinet d\u2019avocats Gil Robles - San Bartolome &amp; Associ\u00e9s","og_description":"Avec plus d\u2019un an de recul depuis leur mise en place, on s\u2019aper\u00e7oit aujourd\u2019hui que la multiplication des r\u00e9gimes d\u2019aides li\u00e9es \u00e0 la pand\u00e9mie de COVID-19 cr\u00e9e diff\u00e9rents probl\u00e8mes juridiques tout \u00e0 fait inattendus. Nous en livrons ici un bref aper\u00e7u qui est ni exhaustif ni d\u00e9finitif. L\u2019obligation de remboursement des primes dans certains cas&nbsp;: [&hellip;]","og_url":"https:\/\/gilrobles.eu\/en\/aides-covid-19-quelques-problemes-juridiques-inattendus\/","og_site_name":"Cabinet d\u2019avocats Gil Robles - San Bartolome &amp; Associ\u00e9s","article_published_time":"2021-05-09T00:08:38+00:00","article_modified_time":"2023-05-03T15:40:10+00:00","og_image":[{"width":960,"height":640,"url":"https:\/\/gilrobles.eu\/wp-content\/uploads\/2021\/05\/cash-register-78741_960_720.jpg","type":"image\/jpeg"}],"author":"Anthony Bochon","twitter_card":"summary_large_image","twitter_misc":{"Written by":"Anthony Bochon","Estimated reading time":"5 minutes"},"schema":{"@context":"https:\/\/schema.org","@graph":[{"@type":"Article","@id":"https:\/\/gilrobles.eu\/aides-covid-19-quelques-problemes-juridiques-inattendus\/#article","isPartOf":{"@id":"https:\/\/gilrobles.eu\/aides-covid-19-quelques-problemes-juridiques-inattendus\/"},"author":{"name":"Anthony Bochon","@id":"https:\/\/gilrobles.eu\/#\/schema\/person\/cca458b49a88570c8264c3b80276e1c1"},"headline":"Aides COVID-19 : quelques probl\u00e8mes juridiques inattendus","datePublished":"2021-05-09T00:08:38+00:00","dateModified":"2023-05-03T15:40:10+00:00","mainEntityOfPage":{"@id":"https:\/\/gilrobles.eu\/aides-covid-19-quelques-problemes-juridiques-inattendus\/"},"wordCount":1028,"publisher":{"@id":"https:\/\/gilrobles.eu\/#organization"},"image":{"@id":"https:\/\/gilrobles.eu\/aides-covid-19-quelques-problemes-juridiques-inattendus\/#primaryimage"},"thumbnailUrl":"https:\/\/gilrobles.eu\/wp-content\/uploads\/2021\/05\/cash-register-78741_960_720.jpg","keywords":["aide d&#039;Etat","aides","bonne foi","contrat","COVID-19","faillite","INAMI","insolvabilit\u00e9","location","primes"],"articleSection":["Competition Law","Contract","COVID-19","Insolvency","Regulatory"],"inLanguage":"en-GB"},{"@type":"WebPage","@id":"https:\/\/gilrobles.eu\/aides-covid-19-quelques-problemes-juridiques-inattendus\/","url":"https:\/\/gilrobles.eu\/aides-covid-19-quelques-problemes-juridiques-inattendus\/","name":"Aides COVID-19 : quelques probl\u00e8mes juridiques inattendus &#8902; Cabinet d\u2019avocats Gil Robles - San Bartolome &amp; Associ\u00e9s","isPartOf":{"@id":"https:\/\/gilrobles.eu\/#website"},"primaryImageOfPage":{"@id":"https:\/\/gilrobles.eu\/aides-covid-19-quelques-problemes-juridiques-inattendus\/#primaryimage"},"image":{"@id":"https:\/\/gilrobles.eu\/aides-covid-19-quelques-problemes-juridiques-inattendus\/#primaryimage"},"thumbnailUrl":"https:\/\/gilrobles.eu\/wp-content\/uploads\/2021\/05\/cash-register-78741_960_720.jpg","datePublished":"2021-05-09T00:08:38+00:00","dateModified":"2023-05-03T15:40:10+00:00","breadcrumb":{"@id":"https:\/\/gilrobles.eu\/aides-covid-19-quelques-problemes-juridiques-inattendus\/#breadcrumb"},"inLanguage":"en-GB","potentialAction":[{"@type":"ReadAction","target":["https:\/\/gilrobles.eu\/aides-covid-19-quelques-problemes-juridiques-inattendus\/"]}]},{"@type":"ImageObject","inLanguage":"en-GB","@id":"https:\/\/gilrobles.eu\/aides-covid-19-quelques-problemes-juridiques-inattendus\/#primaryimage","url":"https:\/\/gilrobles.eu\/wp-content\/uploads\/2021\/05\/cash-register-78741_960_720.jpg","contentUrl":"https:\/\/gilrobles.eu\/wp-content\/uploads\/2021\/05\/cash-register-78741_960_720.jpg","width":960,"height":640},{"@type":"BreadcrumbList","@id":"https:\/\/gilrobles.eu\/aides-covid-19-quelques-problemes-juridiques-inattendus\/#breadcrumb","itemListElement":[{"@type":"ListItem","position":1,"name":"Accueil","item":"https:\/\/gilrobles.eu\/"},{"@type":"ListItem","position":2,"name":"Aides COVID-19 : quelques probl\u00e8mes juridiques inattendus"}]},{"@type":"WebSite","@id":"https:\/\/gilrobles.eu\/#website","url":"https:\/\/gilrobles.eu\/","name":"Cabinet d\u2019avocats Gil Robles - San Bartolome &amp; Associ\u00e9s","description":"","publisher":{"@id":"https:\/\/gilrobles.eu\/#organization"},"potentialAction":[{"@type":"SearchAction","target":{"@type":"EntryPoint","urlTemplate":"https:\/\/gilrobles.eu\/?s={search_term_string}"},"query-input":{"@type":"PropertyValueSpecification","valueRequired":true,"valueName":"search_term_string"}}],"inLanguage":"en-GB"},{"@type":"Organization","@id":"https:\/\/gilrobles.eu\/#organization","name":"Cabinet d\u2019Avocats Gil Robles, San Bartolome et Associ\u00e9s","url":"https:\/\/gilrobles.eu\/","logo":{"@type":"ImageObject","inLanguage":"en-GB","@id":"https:\/\/gilrobles.eu\/#\/schema\/logo\/image\/","url":"https:\/\/gilrobles.eu\/wp-content\/uploads\/2020\/12\/GS_Logo-e1609672272444.png","contentUrl":"https:\/\/gilrobles.eu\/wp-content\/uploads\/2020\/12\/GS_Logo-e1609672272444.png","width":430,"height":434,"caption":"Cabinet d\u2019Avocats Gil Robles, San Bartolome et Associ\u00e9s"},"image":{"@id":"https:\/\/gilrobles.eu\/#\/schema\/logo\/image\/"}},{"@type":"Person","@id":"https:\/\/gilrobles.eu\/#\/schema\/person\/cca458b49a88570c8264c3b80276e1c1","name":"Anthony Bochon","image":{"@type":"ImageObject","inLanguage":"en-GB","@id":"https:\/\/gilrobles.eu\/wp-content\/uploads\/2018\/06\/LHiMC_4g-150x150.jpeg","url":"https:\/\/gilrobles.eu\/wp-content\/uploads\/2018\/06\/LHiMC_4g-150x150.jpeg","contentUrl":"https:\/\/gilrobles.eu\/wp-content\/uploads\/2018\/06\/LHiMC_4g-150x150.jpeg","caption":"Anthony Bochon"},"url":"https:\/\/gilrobles.eu\/en\/author\/anthony-bochon\/"}]}},"_links":{"self":[{"href":"https:\/\/gilrobles.eu\/en\/wp-json\/wp\/v2\/posts\/29320","targetHints":{"allow":["GET"]}}],"collection":[{"href":"https:\/\/gilrobles.eu\/en\/wp-json\/wp\/v2\/posts"}],"about":[{"href":"https:\/\/gilrobles.eu\/en\/wp-json\/wp\/v2\/types\/post"}],"author":[{"embeddable":true,"href":"https:\/\/gilrobles.eu\/en\/wp-json\/wp\/v2\/users\/3"}],"replies":[{"embeddable":true,"href":"https:\/\/gilrobles.eu\/en\/wp-json\/wp\/v2\/comments?post=29320"}],"version-history":[{"count":1,"href":"https:\/\/gilrobles.eu\/en\/wp-json\/wp\/v2\/posts\/29320\/revisions"}],"predecessor-version":[{"id":29322,"href":"https:\/\/gilrobles.eu\/en\/wp-json\/wp\/v2\/posts\/29320\/revisions\/29322"}],"wp:featuredmedia":[{"embeddable":true,"href":"https:\/\/gilrobles.eu\/en\/wp-json\/wp\/v2\/media\/29321"}],"wp:attachment":[{"href":"https:\/\/gilrobles.eu\/en\/wp-json\/wp\/v2\/media?parent=29320"}],"wp:term":[{"taxonomy":"category","embeddable":true,"href":"https:\/\/gilrobles.eu\/en\/wp-json\/wp\/v2\/categories?post=29320"},{"taxonomy":"post_tag","embeddable":true,"href":"https:\/\/gilrobles.eu\/en\/wp-json\/wp\/v2\/tags?post=29320"}],"curies":[{"name":"wp","href":"https:\/\/api.w.org\/{rel}","templated":true}]}}